{"id":202,"date":"2021-08-31T20:14:05","date_gmt":"2021-08-31T20:14:05","guid":{"rendered":"http:\/\/2021.forzaitalia.pl\/?p=202"},"modified":"2021-08-31T20:14:23","modified_gmt":"2021-08-31T20:14:23","slug":"eberhard-zaprezentuje-wyjatkowa-kolekcje-zegarkow","status":"publish","type":"post","link":"http:\/\/2021.forzaitalia.pl\/index.php\/2021\/08\/31\/eberhard-zaprezentuje-wyjatkowa-kolekcje-zegarkow\/","title":{"rendered":"Eberhard zaprezentuje wyj\u0105tkow\u0105 kolekcj\u0119 zegark\u00f3w"},"content":{"rendered":"<p>Marka Eberhard rozpocz\u0119\u0142a wsp\u00f3\u0142prac\u0119 z Alfa Romeo w 2019 roku wydaj\u0105c limitowany model do 250 sztuk \u201eQuadrifoglio Verde\u201d. Jak mo\u017cna by\u0142o si\u0119 tego spodziewa\u0107, model okaza\u0142 si\u0119 sukcesem pod wzgl\u0119dem sprzeda\u017cy. Jego kunszt docenili nie tylko mi\u0142o\u015bnicy \u201ekoniczynki\u201d, ale tak\u017ce kolekcjonerzy mechanicznych zegark\u00f3w.<\/p>\n<p>Eberhard &amp; Co. chc\u0105c jeszcze bardziej umocni\u0107 swoj\u0105 wi\u0119\u017a z t\u0105 kultow\u0105 w\u0142osk\u0105 mark\u0105 samochod\u00f3w, przygotowa\u0142 kolejny limitowany model \u2014\u00a0 110th Alfa Romeo Anniversary Limited Edition \u2014 wyposa\u017cony w komplikacje chronografu. Tym razem model powsta\u0142 z okazji 110-lecia istnienia Alfy Romeo.<\/p>\n<p>Wspominany zegarek b\u0119dzie mo\u017cna zobaczy\u0107 na naszym wydarzeniu. Dla uczestnik\u00f3w zlotu zostanie przygotowana specjalna oferta na jego zakup. To jedyna sztuka w Polsce!<\/p>\n<p><img loading=\"lazy\" decoding=\"async\" class=\"alignnone size-full wp-image-204\" src=\"http:\/\/2021.forzaitalia.pl\/wp-content\/uploads\/2021\/08\/Alfa_3.jpg\" alt=\"\" width=\"1800\" height=\"2451\" srcset=\"http:\/\/2021.forzaitalia.pl\/wp-content\/uploads\/2021\/08\/Alfa_3.jpg 1800w, http:\/\/2021.forzaitalia.pl\/wp-content\/uploads\/2021\/08\/Alfa_3-220x300.jpg 220w, http:\/\/2021.forzaitalia.pl\/wp-content\/uploads\/2021\/08\/Alfa_3-752x1024.jpg 752w, http:\/\/2021.forzaitalia.pl\/wp-content\/uploads\/2021\/08\/Alfa_3-768x1046.jpg 768w, http:\/\/2021.forzaitalia.pl\/wp-content\/uploads\/2021\/08\/Alfa_3-1128x1536.jpg 1128w, http:\/\/2021.forzaitalia.pl\/wp-content\/uploads\/2021\/08\/Alfa_3-1504x2048.jpg 1504w\" sizes=\"auto, (max-width: 1800px) 100vw, 1800px\" \/><img loading=\"lazy\" decoding=\"async\" class=\"alignnone size-full wp-image-203\" src=\"http:\/\/2021.forzaitalia.pl\/wp-content\/uploads\/2021\/08\/Alfa_2.jpg\" alt=\"\" width=\"1416\" height=\"1660\" srcset=\"http:\/\/2021.forzaitalia.pl\/wp-content\/uploads\/2021\/08\/Alfa_2.jpg 1416w, http:\/\/2021.forzaitalia.pl\/wp-content\/uploads\/2021\/08\/Alfa_2-256x300.jpg 256w, http:\/\/2021.forzaitalia.pl\/wp-content\/uploads\/2021\/08\/Alfa_2-873x1024.jpg 873w, http:\/\/2021.forzaitalia.pl\/wp-content\/uploads\/2021\/08\/Alfa_2-768x900.jpg 768w, http:\/\/2021.forzaitalia.pl\/wp-content\/uploads\/2021\/08\/Alfa_2-1310x1536.jpg 1310w\" sizes=\"auto, (max-width: 1416px) 100vw, 1416px\" \/> <img loading=\"lazy\" decoding=\"async\" class=\"alignnone size-full wp-image-205\" src=\"http:\/\/2021.forzaitalia.pl\/wp-content\/uploads\/2021\/08\/alfa11-2.jpg\" alt=\"\" width=\"1080\" height=\"1080\" srcset=\"http:\/\/2021.forzaitalia.pl\/wp-content\/uploads\/2021\/08\/alfa11-2.jpg 1080w, http:\/\/2021.forzaitalia.pl\/wp-content\/uploads\/2021\/08\/alfa11-2-300x300.jpg 300w, http:\/\/2021.forzaitalia.pl\/wp-content\/uploads\/2021\/08\/alfa11-2-1024x1024.jpg 1024w, http:\/\/2021.forzaitalia.pl\/wp-content\/uploads\/2021\/08\/alfa11-2-150x150.jpg 150w, http:\/\/2021.forzaitalia.pl\/wp-content\/uploads\/2021\/08\/alfa11-2-768x768.jpg 768w\" sizes=\"auto, (max-width: 1080px) 100vw, 1080px\" \/><\/p>\n<!--themify_builder_content-->\n<div id=\"themify_builder_content-202\" data-postid=\"202\" class=\"themify_builder_content themify_builder_content-202 themify_builder tf_clear\">\n    <\/div>\n<!--\/themify_builder_content-->\n","protected":false},"excerpt":{"rendered":"<p>Marka Eberhard rozpocz\u0119\u0142a wsp\u00f3\u0142prac\u0119 z Alfa Romeo w 2019 roku wydaj\u0105c limitowany model do 250 sztuk \u201eQuadrifoglio Verde\u201d. Jak mo\u017cna by\u0142o si\u0119 tego spodziewa\u0107, model okaza\u0142 si\u0119 sukcesem pod wzgl\u0119dem sprzeda\u017cy. Jego kunszt docenili nie tylko mi\u0142o\u015bnicy \u201ekoniczynki\u201d, ale tak\u017ce kolekcjonerzy mechanicznych zegark\u00f3w. Eberhard &amp; Co. chc\u0105c jeszcze bardziej umocni\u0107 swoj\u0105 wi\u0119\u017a z t\u0105 kultow\u0105 [&hellip;]<\/p>\n","protected":false},"author":1,"featured_media":0,"comment_status":"open","ping_status":"open","sticky":false,"template":"","format":"standard","meta":{"footnotes":""},"categories":[2],"tags":[],"class_list":["post-202","post","type-post","status-publish","format-standard","hentry","category-aktualnosci","has-post-title","has-post-date","has-post-category","has-post-tag","has-post-comment","has-post-author",""],"_links":{"self":[{"href":"http:\/\/2021.forzaitalia.pl\/index.php\/wp-json\/wp\/v2\/posts\/202","targetHints":{"allow":["GET"]}}],"collection":[{"href":"http:\/\/2021.forzaitalia.pl\/index.php\/wp-json\/wp\/v2\/posts"}],"about":[{"href":"http:\/\/2021.forzaitalia.pl\/index.php\/wp-json\/wp\/v2\/types\/post"}],"author":[{"embeddable":true,"href":"http:\/\/2021.forzaitalia.pl\/index.php\/wp-json\/wp\/v2\/users\/1"}],"replies":[{"embeddable":true,"href":"http:\/\/2021.forzaitalia.pl\/index.php\/wp-json\/wp\/v2\/comments?post=202"}],"version-history":[{"count":4,"href":"http:\/\/2021.forzaitalia.pl\/index.php\/wp-json\/wp\/v2\/posts\/202\/revisions"}],"predecessor-version":[{"id":209,"href":"http:\/\/2021.forzaitalia.pl\/index.php\/wp-json\/wp\/v2\/posts\/202\/revisions\/209"}],"wp:attachment":[{"href":"http:\/\/2021.forzaitalia.pl\/index.php\/wp-json\/wp\/v2\/media?parent=202"}],"wp:term":[{"taxonomy":"category","embeddable":true,"href":"http:\/\/2021.forzaitalia.pl\/index.php\/wp-json\/wp\/v2\/categories?post=202"},{"taxonomy":"post_tag","embeddable":true,"href":"http:\/\/2021.forzaitalia.pl\/index.php\/wp-json\/wp\/v2\/tags?post=202"}],"curies":[{"name":"wp","href":"https:\/\/api.w.org\/{rel}","templated":true}]}}